{"id":4744,"date":"2023-12-14T11:55:59","date_gmt":"2023-12-14T11:55:59","guid":{"rendered":"https:\/\/ain.hr\/?p=4744"},"modified":"2023-12-14T11:56:09","modified_gmt":"2023-12-14T11:56:09","slug":"ozbiljna-nesreca-nalet-teretnog-vlaka-broj-81218-na-vozilo-za-posebne-namjene-tmd-meja-skrljevo11-prosinca-2023","status":"publish","type":"post","link":"https:\/\/ain.hr\/en\/ozbiljna-nesreca-nalet-teretnog-vlaka-broj-81218-na-vozilo-za-posebne-namjene-tmd-meja-skrljevo11-prosinca-2023\/","title":{"rendered":"Ozbiljna nesre\u0107a nalet teretnog vlaka broj 81218 na vozilo za posebne namjene (TMD), Meja &#8211; \u0160krljevo,11. prosinca 2023."},"content":{"rendered":"<p>Dana 11. prosinca 2023. godine u 09:05 sati, Agencija je zaprimila informaciju o nastanku ozbiljne nesre\u0107e na pruzi oznake M202 izme\u0111u kolodvora Meja i \u0160krljevo, gdje je u 08:50 sati do\u0161lo do naleta teretnog vlaka br. 81218 na vozilo za posebne namjene (TMD) u km 635+155.<\/p>\n<p>Nakon nastanka\u00a0 sudara teretni vlak br. 81218, s obzirom na svoju masu i brzinu, odgurao je TMD do km 640+300 na pruzi oznake M202 gdje dolazi do iskliznu\u0107a teretnog vlaka br. 81218 koji u svom sastavu ima 19 teretnih vagona serije Tagnpps. Prilikom iskliznu\u0107a teretnog vlaka br. 81218 sastavljenog od dvije lokomotive i 19 teretnih vagona serije Tagnpps natovarenih kukuruzom do\u0161lo je do zna\u010dajnih o\u0161te\u0107enja na jednoj lokomotivi, na svim teretnim vagonima i na \u017eeljezni\u010dkoj infrastrukturi.<\/p>\n<p>Istra\u017eitelji Agencije obavljali su o\u010devidne radnje dana 11., 12. i 13. prosinca 2023. godine. Glavni istra\u017eitelj \u017eeljezni\u010dkih nesre\u0107a pokrenuo je sigurnosnu istragu ozbiljne nesre\u0107e dana 12. prosinca 2023. godine.<\/p>\n<p>Po zavr\u0161etku predmetne istrage Agencija \u0107e sukladno \u010dl. 132. st. 3. i 4. Zakona o sigurnosti i interoperabilnosti \u017eeljezni\u010dkog sustava (NN 63\/20) objaviti na web stranicama Agencije za istra\u017eivanje nesre\u0107a u zra\u010dnom, pomorskom i \u017eeljezni\u010dkom prometu <a href=\"http:\/\/www.ain.hr\">www.ain.hr<\/a> u obliku Kona\u010dno izvje\u0161\u0107a o predmetnoj nesre\u0107i u kojem \u0107e se utvrditi klju\u010dni sigurnosni \u010dimbenici koji su uzrokovali ili na neki drugi na\u010din doprinijeli nastanku nesre\u0107e.<\/p>\n","protected":false},"excerpt":{"rendered":"<p>Dana 11. prosinca 2023. godine u 09:05 sati, Agencija je zaprimila informaciju o nastanku ozbiljne nesre\u0107e na pruzi oznake M202 izme\u0111u kolodvora Meja i \u0160krljevo, gdje je u 08:50 sati do\u0161lo do naleta teretnog vlaka br. 81218 na vozilo za posebne namjene (TMD) u km 635+155. Nakon nastanka\u00a0 sudara teretni vlak br. 81218, s obzirom [&hellip;]<\/p>\n","protected":false},"author":2,"featured_media":4746,"comment_status":"open","ping_status":"open","sticky":false,"template":"","format":"standard","meta":{"_et_pb_use_builder":"","_et_pb_old_content":"","_et_gb_content_width":"","footnotes":""},"categories":[2],"tags":[],"class_list":["post-4744","post","type-post","status-publish","format-standard","has-post-thumbnail","hentry","category-novosti"],"_links":{"self":[{"href":"https:\/\/ain.hr\/en\/wp-json\/wp\/v2\/posts\/4744","targetHints":{"allow":["GET"]}}],"collection":[{"href":"https:\/\/ain.hr\/en\/wp-json\/wp\/v2\/posts"}],"about":[{"href":"https:\/\/ain.hr\/en\/wp-json\/wp\/v2\/types\/post"}],"author":[{"embeddable":true,"href":"https:\/\/ain.hr\/en\/wp-json\/wp\/v2\/users\/2"}],"replies":[{"embeddable":true,"href":"https:\/\/ain.hr\/en\/wp-json\/wp\/v2\/comments?post=4744"}],"version-history":[{"count":2,"href":"https:\/\/ain.hr\/en\/wp-json\/wp\/v2\/posts\/4744\/revisions"}],"predecessor-version":[{"id":4748,"href":"https:\/\/ain.hr\/en\/wp-json\/wp\/v2\/posts\/4744\/revisions\/4748"}],"wp:featuredmedia":[{"embeddable":true,"href":"https:\/\/ain.hr\/en\/wp-json\/wp\/v2\/media\/4746"}],"wp:attachment":[{"href":"https:\/\/ain.hr\/en\/wp-json\/wp\/v2\/media?parent=4744"}],"wp:term":[{"taxonomy":"category","embeddable":true,"href":"https:\/\/ain.hr\/en\/wp-json\/wp\/v2\/categories?post=4744"},{"taxonomy":"post_tag","embeddable":true,"href":"https:\/\/ain.hr\/en\/wp-json\/wp\/v2\/tags?post=4744"}],"curies":[{"name":"wp","href":"https:\/\/api.w.org\/{rel}","templated":true}]}}