{"id":4835,"date":"2024-02-18T21:46:24","date_gmt":"2024-02-18T21:46:24","guid":{"rendered":"https:\/\/ain.hr\/?p=4835"},"modified":"2024-08-23T12:09:09","modified_gmt":"2024-08-23T12:09:09","slug":"ocevid-nesrece-izmedu-kolodvora-sveti-ivan-zabno-i-kolodvora-bjelovar-na-zcp-u-stare-plavnice-na-pruzi-oznake-l203-15-veljace-2024","status":"publish","type":"post","link":"https:\/\/ain.hr\/en\/ocevid-nesrece-izmedu-kolodvora-sveti-ivan-zabno-i-kolodvora-bjelovar-na-zcp-u-stare-plavnice-na-pruzi-oznake-l203-15-veljace-2024\/","title":{"rendered":"O\u010devid nesre\u0107e izme\u0111u kolodvora Sveti Ivan \u017dabno i kolodvora Bjelovar na \u017dCP-u \u201eStare Plavnice\u201c na pruzi oznake L203, 15. velja\u010de 2024."},"content":{"rendered":"<p>Dana 15.02.2024. u 17:30 sati od strane dru\u0161tva H\u017d infrastruktura d.o.o., Sektor za promet zaprimljena je obavijest o nesre\u0107i izme\u0111u kolodvora Sveti Ivan \u017dabno i kolodvora Bjelovar na \u017dCP-u \u201eStare Plavnice\u201c aktivno osiguranim svjetlosno-zvu\u010dnom signalizacijom i polubranicima, u km 029+865 pruge L203, gdje je u 16:55 sati do\u0161lo do naleta putni\u010dkog dizel motornog vlaka broj 787 na kombi cestovno vozilo.<\/p>\n<p>U nesre\u0107i je lak\u0161e ozlije\u0111en voza\u010d kombi cestovnog vozila, te je nastala ve\u0107a materijalna \u0161teta na kombi cestovnom vozilu i manja na dizel motornom vlaku.<\/p>\n<p>Nakon \u0161to se prikupe svi relevantni podaci u svezi nesre\u0107e i napravi analiza svih prikupljenih podataka, utvrditi \u0107e se da li je bilo propusta u svezi sigurnosti \u017eeljezni\u010dkog sustava, te \u0107e se odlu\u010diti o pokretanju\/nepokretanju sigurnosne istrage predmetne nesre\u0107e.<\/p>\n","protected":false},"excerpt":{"rendered":"<p>Dana 15.02.2024. u 17:30 sati od strane dru\u0161tva H\u017d infrastruktura d.o.o., Sektor za promet zaprimljena je obavijest o nesre\u0107i izme\u0111u kolodvora Sveti Ivan \u017dabno i kolodvora Bjelovar na \u017dCP-u \u201eStare Plavnice\u201c aktivno osiguranim svjetlosno-zvu\u010dnom signalizacijom i polubranicima, u km 029+865 pruge L203, gdje je u 16:55 sati do\u0161lo do naleta putni\u010dkog dizel motornog vlaka broj [&hellip;]<\/p>\n","protected":false},"author":2,"featured_media":4834,"comment_status":"open","ping_status":"open","sticky":false,"template":"","format":"standard","meta":{"_et_pb_use_builder":"","_et_pb_old_content":"","_et_gb_content_width":"","footnotes":""},"categories":[2],"tags":[],"class_list":["post-4835","post","type-post","status-publish","format-standard","has-post-thumbnail","hentry","category-novosti"],"_links":{"self":[{"href":"https:\/\/ain.hr\/en\/wp-json\/wp\/v2\/posts\/4835","targetHints":{"allow":["GET"]}}],"collection":[{"href":"https:\/\/ain.hr\/en\/wp-json\/wp\/v2\/posts"}],"about":[{"href":"https:\/\/ain.hr\/en\/wp-json\/wp\/v2\/types\/post"}],"author":[{"embeddable":true,"href":"https:\/\/ain.hr\/en\/wp-json\/wp\/v2\/users\/2"}],"replies":[{"embeddable":true,"href":"https:\/\/ain.hr\/en\/wp-json\/wp\/v2\/comments?post=4835"}],"version-history":[{"count":3,"href":"https:\/\/ain.hr\/en\/wp-json\/wp\/v2\/posts\/4835\/revisions"}],"predecessor-version":[{"id":5299,"href":"https:\/\/ain.hr\/en\/wp-json\/wp\/v2\/posts\/4835\/revisions\/5299"}],"wp:featuredmedia":[{"embeddable":true,"href":"https:\/\/ain.hr\/en\/wp-json\/wp\/v2\/media\/4834"}],"wp:attachment":[{"href":"https:\/\/ain.hr\/en\/wp-json\/wp\/v2\/media?parent=4835"}],"wp:term":[{"taxonomy":"category","embeddable":true,"href":"https:\/\/ain.hr\/en\/wp-json\/wp\/v2\/categories?post=4835"},{"taxonomy":"post_tag","embeddable":true,"href":"https:\/\/ain.hr\/en\/wp-json\/wp\/v2\/tags?post=4835"}],"curies":[{"name":"wp","href":"https:\/\/api.w.org\/{rel}","templated":true}]}}