{"id":5347,"date":"2024-09-24T09:58:40","date_gmt":"2024-09-24T09:58:40","guid":{"rendered":"https:\/\/ain.hr\/?p=5347"},"modified":"2024-09-24T09:58:40","modified_gmt":"2024-09-24T09:58:40","slug":"ocevid-ozbiljne-nesrece-na-zcp-u-kate-mlinaric-na-pruzi-oznake-m202-5-rujna-2024","status":"publish","type":"post","link":"https:\/\/ain.hr\/en\/ocevid-ozbiljne-nesrece-na-zcp-u-kate-mlinaric-na-pruzi-oznake-m202-5-rujna-2024\/","title":{"rendered":"O\u010devid ozbiljne nesre\u0107e na \u017dCP-u \u201cKate Mlinari\u0107\u201c na pruzi oznake M202, 5. rujna 2024."},"content":{"rendered":"<p>Dana 05.09.2024. godine, u 16:30 sati od strane dru\u0161tva H\u017d Infrastruktura d.o.o., Sektor za promet zaprimljena je obavijest o ozbiljnoj nesre\u0107i na \u017dCP-u \u201cKate Mlinari\u0107\u201c aktivno osiguranom (svjetlo i zvuk) u km 432+272 pruge M202, gdje je \u00a0u 16:10\u00a0 sati do\u0161lo do podlijetanja osobnog vozila pod putni\u010dki vlak broj 4058.<\/p>\n<p>U navedenoj nesre\u0107i smrtno je stradala jedna osoba koja je upravljala cestovnim motornim vozilom. Zabilje\u017eena je ve\u0107a materijalna \u0161teta na cestovnom motornom vozilu i\u00a0 elektromotornom vlaku dok na \u017eeljezni\u010dkoj infrastrukturi nije bilo \u0161tete.<\/p>\n<p>Brzina prometovanja vlaka bila je sukladna propisanoj brzini pruge i \u017eeljezni\u010dki infrastrukturni podsustavi bili su ispravni.<\/p>\n<p>Nakon \u0161to se prikupe svi relevantni podaci u svezi ozbiljne nesre\u0107e i izradi analiza svih prikupljenih podataka, utvrditi \u0107e se da li je bilo propusta u svezi sigurnosti \u017eeljezni\u010dkog sustava, te \u0107e se\u00a0 odlu\u010diti o pokretanju\/nepokretanju sigurnosne istrage predmetne ozbiljne \u017eeljezni\u010dke nesre\u0107e.<\/p>\n","protected":false},"excerpt":{"rendered":"<p>Dana 05.09.2024. godine, u 16:30 sati od strane dru\u0161tva H\u017d Infrastruktura d.o.o., Sektor za promet zaprimljena je obavijest o ozbiljnoj nesre\u0107i na \u017dCP-u \u201cKate Mlinari\u0107\u201c aktivno osiguranom (svjetlo i zvuk) u km 432+272 pruge M202, gdje je \u00a0u 16:10\u00a0 sati do\u0161lo do podlijetanja osobnog vozila pod putni\u010dki vlak broj 4058. U navedenoj nesre\u0107i smrtno je [&hellip;]<\/p>\n","protected":false},"author":2,"featured_media":5346,"comment_status":"open","ping_status":"open","sticky":false,"template":"","format":"standard","meta":{"_et_pb_use_builder":"","_et_pb_old_content":"","_et_gb_content_width":"","footnotes":""},"categories":[2],"tags":[],"class_list":["post-5347","post","type-post","status-publish","format-standard","has-post-thumbnail","hentry","category-novosti"],"_links":{"self":[{"href":"https:\/\/ain.hr\/en\/wp-json\/wp\/v2\/posts\/5347","targetHints":{"allow":["GET"]}}],"collection":[{"href":"https:\/\/ain.hr\/en\/wp-json\/wp\/v2\/posts"}],"about":[{"href":"https:\/\/ain.hr\/en\/wp-json\/wp\/v2\/types\/post"}],"author":[{"embeddable":true,"href":"https:\/\/ain.hr\/en\/wp-json\/wp\/v2\/users\/2"}],"replies":[{"embeddable":true,"href":"https:\/\/ain.hr\/en\/wp-json\/wp\/v2\/comments?post=5347"}],"version-history":[{"count":1,"href":"https:\/\/ain.hr\/en\/wp-json\/wp\/v2\/posts\/5347\/revisions"}],"predecessor-version":[{"id":5348,"href":"https:\/\/ain.hr\/en\/wp-json\/wp\/v2\/posts\/5347\/revisions\/5348"}],"wp:featuredmedia":[{"embeddable":true,"href":"https:\/\/ain.hr\/en\/wp-json\/wp\/v2\/media\/5346"}],"wp:attachment":[{"href":"https:\/\/ain.hr\/en\/wp-json\/wp\/v2\/media?parent=5347"}],"wp:term":[{"taxonomy":"category","embeddable":true,"href":"https:\/\/ain.hr\/en\/wp-json\/wp\/v2\/categories?post=5347"},{"taxonomy":"post_tag","embeddable":true,"href":"https:\/\/ain.hr\/en\/wp-json\/wp\/v2\/tags?post=5347"}],"curies":[{"name":"wp","href":"https:\/\/api.w.org\/{rel}","templated":true}]}}