{"id":6974,"date":"2025-04-30T16:59:29","date_gmt":"2025-04-30T16:59:29","guid":{"rendered":"https:\/\/ain.hr\/?p=6974"},"modified":"2025-04-30T16:59:29","modified_gmt":"2025-04-30T16:59:29","slug":"sudar-jadrolinijinog-trajekta-ugljan-i-jedrilice-3375-zd","status":"publish","type":"post","link":"https:\/\/ain.hr\/en\/sudar-jadrolinijinog-trajekta-ugljan-i-jedrilice-3375-zd\/","title":{"rendered":"Sudar Jadrolinijinog trajekta \u201eUgljan\u201c i jedrilice 3375 ZD"},"content":{"rendered":"<p>Agencija za istra\u017eivanje nesre\u0107a u zra\u010dnom, pomorskom i \u017eeljezni\u010dkom prometu obavije\u0161tena je o pomorskoj nesre\u0107i dana 30. travnja 2025. u kojoj je oko 12:30 sati do\u0161lo do sudara RO-RO Jadrolinijinog putni\u010dkog broda \u201eUgljan\u201c koji je plovio na liniji Zadar \u2013 Preko i jedrilice 3375 ZD. \u00a0Uslijed sudara, voditelj jedrilice koji je slovenski dr\u017eavljanin, sko\u010dio je u more iz kojeg su ga izvukli \u010dlanovi posade broda Ugljan.<\/p>\n<p>Istra\u017eitelj pomorskih nesre\u0107a nalazi se na mjestu doga\u0111aja kako bi se utvrdile okolnosti pomorske nesre\u0107e, te je u tijeku prikupljanje svih relevantnih podataka temeljem kojih \u0107e se odlu\u010diti o pokretanju sigurnosne istrage. Agencija za istra\u017eivanje nesre\u0107a u zra\u010dnom, pomorskom i \u017eeljezni\u010dkom prometu provodi sigurnosne istrage \u010diji cilj nije utvr\u0111ivanje krivnje i odgovornosti, ve\u0107 isklju\u010divo utvr\u0111ivanje okolnosti nastanka nesre\u0107a i predlaganje korektivnih mjera radi njihovog sprje\u010davanja u budu\u0107nosti.<\/p>\n","protected":false},"excerpt":{"rendered":"<p>Agencija za istra\u017eivanje nesre\u0107a u zra\u010dnom, pomorskom i \u017eeljezni\u010dkom prometu obavije\u0161tena je o pomorskoj nesre\u0107i dana 30. travnja 2025. u kojoj je oko 12:30 sati do\u0161lo do sudara RO-RO Jadrolinijinog putni\u010dkog broda \u201eUgljan\u201c koji je plovio na liniji Zadar \u2013 Preko i jedrilice 3375 ZD. \u00a0Uslijed sudara, voditelj jedrilice koji je slovenski dr\u017eavljanin, sko\u010dio je [&hellip;]<\/p>\n","protected":false},"author":2,"featured_media":1218,"comment_status":"open","ping_status":"open","sticky":false,"template":"","format":"standard","meta":{"_et_pb_use_builder":"","_et_pb_old_content":"","_et_gb_content_width":"","footnotes":""},"categories":[2],"tags":[],"class_list":["post-6974","post","type-post","status-publish","format-standard","has-post-thumbnail","hentry","category-novosti"],"_links":{"self":[{"href":"https:\/\/ain.hr\/en\/wp-json\/wp\/v2\/posts\/6974","targetHints":{"allow":["GET"]}}],"collection":[{"href":"https:\/\/ain.hr\/en\/wp-json\/wp\/v2\/posts"}],"about":[{"href":"https:\/\/ain.hr\/en\/wp-json\/wp\/v2\/types\/post"}],"author":[{"embeddable":true,"href":"https:\/\/ain.hr\/en\/wp-json\/wp\/v2\/users\/2"}],"replies":[{"embeddable":true,"href":"https:\/\/ain.hr\/en\/wp-json\/wp\/v2\/comments?post=6974"}],"version-history":[{"count":1,"href":"https:\/\/ain.hr\/en\/wp-json\/wp\/v2\/posts\/6974\/revisions"}],"predecessor-version":[{"id":6975,"href":"https:\/\/ain.hr\/en\/wp-json\/wp\/v2\/posts\/6974\/revisions\/6975"}],"wp:featuredmedia":[{"embeddable":true,"href":"https:\/\/ain.hr\/en\/wp-json\/wp\/v2\/media\/1218"}],"wp:attachment":[{"href":"https:\/\/ain.hr\/en\/wp-json\/wp\/v2\/media?parent=6974"}],"wp:term":[{"taxonomy":"category","embeddable":true,"href":"https:\/\/ain.hr\/en\/wp-json\/wp\/v2\/categories?post=6974"},{"taxonomy":"post_tag","embeddable":true,"href":"https:\/\/ain.hr\/en\/wp-json\/wp\/v2\/tags?post=6974"}],"curies":[{"name":"wp","href":"https:\/\/api.w.org\/{rel}","templated":true}]}}