{"id":6986,"date":"2025-05-12T11:09:51","date_gmt":"2025-05-12T11:09:51","guid":{"rendered":"https:\/\/ain.hr\/?p=6986"},"modified":"2025-05-12T11:11:41","modified_gmt":"2025-05-12T11:11:41","slug":"sudjelovanje-predstavnika-agencije-na-terensko-pokaznoj-vjezbi-potrage-i-spasavanja-zrakoplova-asar-2025-8-svibnja-2025","status":"publish","type":"post","link":"https:\/\/ain.hr\/en\/sudjelovanje-predstavnika-agencije-na-terensko-pokaznoj-vjezbi-potrage-i-spasavanja-zrakoplova-asar-2025-8-svibnja-2025\/","title":{"rendered":"Sudjelovanje predstavnika Agencije na terensko-pokaznoj vje\u017ebi potrage i spa\u0161avanja zrakoplova \u201eASAR 2025\u201c, 8. svibnja 2025."},"content":{"rendered":"<p>[et_pb_section fb_built=&#8221;1&#8243; _builder_version=&#8221;4.16&#8243; global_colors_info=&#8221;{}&#8221;][et_pb_row _builder_version=&#8221;4.16&#8243; background_size=&#8221;initial&#8221; background_position=&#8221;top_left&#8221; background_repeat=&#8221;repeat&#8221; global_colors_info=&#8221;{}&#8221;][et_pb_column type=&#8221;4_4&#8243; _builder_version=&#8221;4.16&#8243; custom_padding=&#8221;|||&#8221; global_colors_info=&#8221;{}&#8221; custom_padding__hover=&#8221;|||&#8221;][et_pb_text _builder_version=&#8221;4.16&#8243; background_size=&#8221;initial&#8221; background_position=&#8221;top_left&#8221; background_repeat=&#8221;repeat&#8221; global_colors_info=&#8221;{}&#8221;]Ravnateljstvo civilne za\u0161tite u suradnji s Nacionalnom sredi\u0161njicom za uskla\u0111ivanje traganja i spa\u0161avanja na moru (MRCC) organiziralo je 8. svibnja, na kopnenom i morskom podru\u010dju vojnog objekta &#8216;Kov\u010danje&#8217; u Malom Lo\u0161inju, prvu zajedni\u010dku terensko-pokaznu vje\u017ebu potrage i spa\u0161avanja zrakoplova &#8216;ASAR 2025&#8217;.<\/p>\n<p>Vje\u017eba je odr\u017eana s ciljem provjere uskla\u0111enosti operativnih djelovanja svih sastavnica sustava potrage i spa\u0161avanja zrakoplova na kopnu i na moru.<\/p>\n<p>Na vje\u017ebi potrage i spa\u0161avanja zrakoplova sudjelovali su i i predstavnici Agencije kroz standardne operativne postupke u slu\u010daju pada zrakoplova.<br \/>\n[\/et_pb_text][\/et_pb_column][\/et_pb_row][et_pb_row column_structure=&#8221;1_3,1_3,1_3&#8243; _builder_version=&#8221;4.27.4&#8243; _module_preset=&#8221;default&#8221; global_colors_info=&#8221;{}&#8221;][et_pb_column type=&#8221;1_3&#8243; _builder_version=&#8221;4.27.4&#8243; _module_preset=&#8221;default&#8221; global_colors_info=&#8221;{}&#8221;][et_pb_image src=&#8221;https:\/\/ain.hr\/wp-content\/uploads\/2025\/05\/ASAR2-1024&#215;768.jpg&#8221; title_text=&#8221;ASAR2&#8243; show_in_lightbox=&#8221;on&#8221; _builder_version=&#8221;4.27.4&#8243; _module_preset=&#8221;default&#8221; hover_enabled=&#8221;0&#8243; global_colors_info=&#8221;{}&#8221; sticky_enabled=&#8221;0&#8243;][\/et_pb_image][\/et_pb_column][et_pb_column type=&#8221;1_3&#8243; _builder_version=&#8221;4.27.4&#8243; _module_preset=&#8221;default&#8221; global_colors_info=&#8221;{}&#8221;][et_pb_image src=&#8221;https:\/\/ain.hr\/wp-content\/uploads\/2025\/05\/ASAR3-1024&#215;768.jpg&#8221; title_text=&#8221;ASAR3&#8243; show_in_lightbox=&#8221;on&#8221; _builder_version=&#8221;4.27.4&#8243; _module_preset=&#8221;default&#8221; hover_enabled=&#8221;0&#8243; global_colors_info=&#8221;{}&#8221; sticky_enabled=&#8221;0&#8243;][\/et_pb_image][\/et_pb_column][et_pb_column type=&#8221;1_3&#8243; _builder_version=&#8221;4.27.4&#8243; _module_preset=&#8221;default&#8221; global_colors_info=&#8221;{}&#8221;][et_pb_image src=&#8221;https:\/\/ain.hr\/wp-content\/uploads\/2025\/05\/ASAR4-1024&#215;768.jpg&#8221; title_text=&#8221;ASAR4&#8243; show_in_lightbox=&#8221;on&#8221; _builder_version=&#8221;4.27.4&#8243; _module_preset=&#8221;default&#8221; hover_enabled=&#8221;0&#8243; global_colors_info=&#8221;{}&#8221; sticky_enabled=&#8221;0&#8243;][\/et_pb_image][\/et_pb_column][\/et_pb_row][\/et_pb_section]<\/p>\n","protected":false},"excerpt":{"rendered":"<p>Ravnateljstvo civilne za\u0161tite u suradnji s Nacionalnom sredi\u0161njicom za uskla\u0111ivanje traganja i spa\u0161avanja na moru (MRCC) organiziralo je 8. svibnja, na kopnenom i morskom podru\u010dju vojnog objekta &#8216;Kov\u010danje&#8217; u Malom Lo\u0161inju, prvu zajedni\u010dku terensko-pokaznu vje\u017ebu potrage i spa\u0161avanja zrakoplova &#8216;ASAR 2025&#8217;. Vje\u017eba je odr\u017eana s ciljem provjere uskla\u0111enosti operativnih djelovanja svih sastavnica sustava potrage i [&hellip;]<\/p>\n","protected":false},"author":2,"featured_media":6989,"comment_status":"open","ping_status":"open","sticky":false,"template":"","format":"standard","meta":{"_et_pb_use_builder":"on","_et_pb_old_content":"<p>Ravnateljstvo civilne za\u0161tite u suradnji s Nacionalnom sredi\u0161njicom za uskla\u0111ivanje traganja i spa\u0161avanja na moru (MRCC) organiziralo je 8. svibnja, na kopnenom i morskom podru\u010dju vojnog objekta 'Kov\u010danje' u Malom Lo\u0161inju, prvu zajedni\u010dku terensko-pokaznu vje\u017ebu potrage i spa\u0161avanja zrakoplova 'ASAR 2025'. \u00a0<\/p><p>Vje\u017eba je odr\u017eana s ciljem provjere uskla\u0111enosti operativnih djelovanja svih sastavnica sustava potrage i spa\u0161avanja zrakoplova na kopnu i na moru.<\/p><p>Na vje\u017ebi potrage i spa\u0161avanja zrakoplova sudjelovali su i i predstavnici Agencije kroz standardne operativne postupke u slu\u010daju pada zrakoplova.<\/p>","_et_gb_content_width":"","footnotes":""},"categories":[2],"tags":[],"class_list":["post-6986","post","type-post","status-publish","format-standard","has-post-thumbnail","hentry","category-novosti"],"_links":{"self":[{"href":"https:\/\/ain.hr\/en\/wp-json\/wp\/v2\/posts\/6986","targetHints":{"allow":["GET"]}}],"collection":[{"href":"https:\/\/ain.hr\/en\/wp-json\/wp\/v2\/posts"}],"about":[{"href":"https:\/\/ain.hr\/en\/wp-json\/wp\/v2\/types\/post"}],"author":[{"embeddable":true,"href":"https:\/\/ain.hr\/en\/wp-json\/wp\/v2\/users\/2"}],"replies":[{"embeddable":true,"href":"https:\/\/ain.hr\/en\/wp-json\/wp\/v2\/comments?post=6986"}],"version-history":[{"count":3,"href":"https:\/\/ain.hr\/en\/wp-json\/wp\/v2\/posts\/6986\/revisions"}],"predecessor-version":[{"id":6994,"href":"https:\/\/ain.hr\/en\/wp-json\/wp\/v2\/posts\/6986\/revisions\/6994"}],"wp:featuredmedia":[{"embeddable":true,"href":"https:\/\/ain.hr\/en\/wp-json\/wp\/v2\/media\/6989"}],"wp:attachment":[{"href":"https:\/\/ain.hr\/en\/wp-json\/wp\/v2\/media?parent=6986"}],"wp:term":[{"taxonomy":"category","embeddable":true,"href":"https:\/\/ain.hr\/en\/wp-json\/wp\/v2\/categories?post=6986"},{"taxonomy":"post_tag","embeddable":true,"href":"https:\/\/ain.hr\/en\/wp-json\/wp\/v2\/tags?post=6986"}],"curies":[{"name":"wp","href":"https:\/\/api.w.org\/{rel}","templated":true}]}}