{"id":7053,"date":"2025-06-08T22:30:54","date_gmt":"2025-06-08T22:30:54","guid":{"rendered":"https:\/\/ain.hr\/?p=7053"},"modified":"2025-06-09T09:32:38","modified_gmt":"2025-06-09T09:32:38","slug":"ostecenje-stajnog-trapa-prilikom-slijetanja-aviona-cessna-525-hrvatskih-registarskih-oznaka-na-mzlz-8-lipnja-2025","status":"publish","type":"post","link":"https:\/\/ain.hr\/en\/ostecenje-stajnog-trapa-prilikom-slijetanja-aviona-cessna-525-hrvatskih-registarskih-oznaka-na-mzlz-8-lipnja-2025\/","title":{"rendered":"O\u0161te\u0107enje stajnog trapa prilikom slijetanja aviona Cessna 525 hrvatskih registarskih oznaka na MZLZ, 8. lipnja 2025."},"content":{"rendered":"<p>U nedjelju 8. lipnja 2025. godine oko 15 sati, prilikom slijetanja aviona Cessna 525 hrvatskih registarskih oznaka na Me\u0111unarodnoj zra\u010dnoj luci Zagreb (MZLZ), do\u0161lo je do o\u0161te\u0107enja stajnog trapa.<\/p>\n<p>Nitko nije ozlije\u0111en, a na avionu je nastala materijalna \u0161teta.<br \/>\nObavijest o doga\u0111aju AIN je dobila od Me\u0111unarodne zra\u010dne luke Zagreb i OKC-MUP-a.<\/p>\n<p>AIN \u0107e provesti istragu ove ozbiljne nezgode.<\/p>\n<p>&nbsp;<\/p>\n","protected":false},"excerpt":{"rendered":"<p>U nedjelju 8. lipnja 2025. godine oko 15 sati, prilikom slijetanja aviona Cessna 525 hrvatskih registarskih oznaka na Me\u0111unarodnoj zra\u010dnoj luci Zagreb (MZLZ), do\u0161lo je do o\u0161te\u0107enja stajnog trapa. Nitko nije ozlije\u0111en, a na avionu je nastala materijalna \u0161teta. Obavijest o doga\u0111aju AIN je dobila od Me\u0111unarodne zra\u010dne luke Zagreb i OKC-MUP-a. AIN \u0107e provesti [&hellip;]<\/p>\n","protected":false},"author":2,"featured_media":1218,"comment_status":"open","ping_status":"open","sticky":false,"template":"","format":"standard","meta":{"_et_pb_use_builder":"","_et_pb_old_content":"","_et_gb_content_width":"","footnotes":""},"categories":[2],"tags":[],"class_list":["post-7053","post","type-post","status-publish","format-standard","has-post-thumbnail","hentry","category-novosti"],"_links":{"self":[{"href":"https:\/\/ain.hr\/en\/wp-json\/wp\/v2\/posts\/7053","targetHints":{"allow":["GET"]}}],"collection":[{"href":"https:\/\/ain.hr\/en\/wp-json\/wp\/v2\/posts"}],"about":[{"href":"https:\/\/ain.hr\/en\/wp-json\/wp\/v2\/types\/post"}],"author":[{"embeddable":true,"href":"https:\/\/ain.hr\/en\/wp-json\/wp\/v2\/users\/2"}],"replies":[{"embeddable":true,"href":"https:\/\/ain.hr\/en\/wp-json\/wp\/v2\/comments?post=7053"}],"version-history":[{"count":1,"href":"https:\/\/ain.hr\/en\/wp-json\/wp\/v2\/posts\/7053\/revisions"}],"predecessor-version":[{"id":7054,"href":"https:\/\/ain.hr\/en\/wp-json\/wp\/v2\/posts\/7053\/revisions\/7054"}],"wp:featuredmedia":[{"embeddable":true,"href":"https:\/\/ain.hr\/en\/wp-json\/wp\/v2\/media\/1218"}],"wp:attachment":[{"href":"https:\/\/ain.hr\/en\/wp-json\/wp\/v2\/media?parent=7053"}],"wp:term":[{"taxonomy":"category","embeddable":true,"href":"https:\/\/ain.hr\/en\/wp-json\/wp\/v2\/categories?post=7053"},{"taxonomy":"post_tag","embeddable":true,"href":"https:\/\/ain.hr\/en\/wp-json\/wp\/v2\/tags?post=7053"}],"curies":[{"name":"wp","href":"https:\/\/api.w.org\/{rel}","templated":true}]}}