{"id":7396,"date":"2025-09-24T07:27:56","date_gmt":"2025-09-24T07:27:56","guid":{"rendered":"https:\/\/ain.hr\/?p=7396"},"modified":"2025-09-24T07:29:50","modified_gmt":"2025-09-24T07:29:50","slug":"najava-konferencije-o-digitalnim-strategijama-i-rjesenjima-za-unapredenje-upravljanja-zeljeznickim-operacijama-te-bolju-integraciju-luckih-terminala-i-zaleda-u-jadransko-jonskoj-regiji-ravenna-2-li","status":"publish","type":"post","link":"https:\/\/ain.hr\/en\/najava-konferencije-o-digitalnim-strategijama-i-rjesenjima-za-unapredenje-upravljanja-zeljeznickim-operacijama-te-bolju-integraciju-luckih-terminala-i-zaleda-u-jadransko-jonskoj-regiji-ravenna-2-li\/","title":{"rendered":"Najava konferencije o digitalnim strategijama i rje\u0161enjima za unapre\u0111enje upravljanja \u017eeljezni\u010dkim operacijama te bolju integraciju lu\u010dkih terminala i zale\u0111a u jadransko-jonskoj regiji, Ravenna, 2. listopada 2025."},"content":{"rendered":"<p>U Ravenni, talijanskoj prijestolnici mozaika i kulture smje\u0161tenoj u srcu regije Emilia-Romagna, 2. listopada odr\u017eat \u0107e se konferencija o digitalnim strategijama i rje\u0161enjima za unapre\u0111enje upravljanja \u017eeljezni\u010dkim operacijama te bolju integraciju lu\u010dkih terminala i zale\u0111a u jadransko-jonskoj regiji. Ovom se konferencijom nastoji potaknuti dijalog unutar cijelog EUSAIR lu\u010dkog sustava u jadransko-jonskom bazenu, koja okuplja deset zemalja, uklju\u010duju\u0107i i Hrvatsku.<\/p>\n<p>Konferencija se odr\u017eava uz podr\u0161ku projekta CROSSFREIGHT, koji je financiran Programom Interreg Italija\u2013Hrvatska 21-27 i usmjeren na unapre\u0111enje upravljanja manevarskim \u017eeljezni\u010dkim operacijama.<\/p>\n<p>Na skupu \u0107e sudjelovati i na\u0161i istra\u017eitelji \u017eeljezni\u010dkih nesre\u0107a, a ravnateljica AIN-a, Alana Vuki\u0107 bit \u0107e jedna od govornica na okruglom stolu na temu: ICT strategije za integraciju lu\u010dkih intermodalnih \u010dvori\u0161ta sa zale\u0111em: transregionalna suradnja za prijenos digitalnih i operativnih rje\u0161enja unutar jadransko-jonske regije. U raspravi o ovoj temi pridru\u017eit \u0107e joj se jo\u0161: Andrea Minardi, ICT direktor u Luci Ravenna, Luca Abatello, glavni izvr\u0161ni direktor tvrtke Magellan Circle, Rade Stani\u0161i\u0107, voditelj Slu\u017ebe upravljanja me\u0111unarodnim projektima u Luci Bar te Roberto Richter, vi\u0161i voditelj projekata u Luci Koper.<\/p>\n<p>Radujemo se predstoje\u0107oj konferenciji i prilici da predstavimo hrvatska iskustva te doprinesemo raspravi o budu\u0107nosti digitalnih rje\u0161enja u \u017eeljezni\u010dkom prometu.<\/p>\n","protected":false},"excerpt":{"rendered":"<p>U Ravenni, talijanskoj prijestolnici mozaika i kulture smje\u0161tenoj u srcu regije Emilia-Romagna, 2. listopada odr\u017eat \u0107e se konferencija o digitalnim strategijama i rje\u0161enjima za unapre\u0111enje upravljanja \u017eeljezni\u010dkim operacijama te bolju integraciju lu\u010dkih terminala i zale\u0111a u jadransko-jonskoj regiji. Ovom se konferencijom nastoji potaknuti dijalog unutar cijelog EUSAIR lu\u010dkog sustava u jadransko-jonskom bazenu, koja okuplja deset [&hellip;]<\/p>\n","protected":false},"author":2,"featured_media":5058,"comment_status":"open","ping_status":"open","sticky":false,"template":"","format":"standard","meta":{"_et_pb_use_builder":"","_et_pb_old_content":"","_et_gb_content_width":"","footnotes":""},"categories":[2],"tags":[],"class_list":["post-7396","post","type-post","status-publish","format-standard","has-post-thumbnail","hentry","category-novosti"],"_links":{"self":[{"href":"https:\/\/ain.hr\/en\/wp-json\/wp\/v2\/posts\/7396","targetHints":{"allow":["GET"]}}],"collection":[{"href":"https:\/\/ain.hr\/en\/wp-json\/wp\/v2\/posts"}],"about":[{"href":"https:\/\/ain.hr\/en\/wp-json\/wp\/v2\/types\/post"}],"author":[{"embeddable":true,"href":"https:\/\/ain.hr\/en\/wp-json\/wp\/v2\/users\/2"}],"replies":[{"embeddable":true,"href":"https:\/\/ain.hr\/en\/wp-json\/wp\/v2\/comments?post=7396"}],"version-history":[{"count":1,"href":"https:\/\/ain.hr\/en\/wp-json\/wp\/v2\/posts\/7396\/revisions"}],"predecessor-version":[{"id":7397,"href":"https:\/\/ain.hr\/en\/wp-json\/wp\/v2\/posts\/7396\/revisions\/7397"}],"wp:featuredmedia":[{"embeddable":true,"href":"https:\/\/ain.hr\/en\/wp-json\/wp\/v2\/media\/5058"}],"wp:attachment":[{"href":"https:\/\/ain.hr\/en\/wp-json\/wp\/v2\/media?parent=7396"}],"wp:term":[{"taxonomy":"category","embeddable":true,"href":"https:\/\/ain.hr\/en\/wp-json\/wp\/v2\/categories?post=7396"},{"taxonomy":"post_tag","embeddable":true,"href":"https:\/\/ain.hr\/en\/wp-json\/wp\/v2\/tags?post=7396"}],"curies":[{"name":"wp","href":"https:\/\/api.w.org\/{rel}","templated":true}]}}