{"id":7474,"date":"2025-10-16T13:09:56","date_gmt":"2025-10-16T13:09:56","guid":{"rendered":"https:\/\/ain.hr\/?p=7474"},"modified":"2025-10-20T13:15:17","modified_gmt":"2025-10-20T13:15:17","slug":"uspjesno-odrzana-prva-tematska-konferencija-o-sigurnosti-zeljeznickog-prometa-u-hrvatskoj-15-listopada-2025","status":"publish","type":"post","link":"https:\/\/ain.hr\/en\/uspjesno-odrzana-prva-tematska-konferencija-o-sigurnosti-zeljeznickog-prometa-u-hrvatskoj-15-listopada-2025\/","title":{"rendered":"Uspje\u0161no odr\u017eana prva tematska konferencija o sigurnosti \u017eeljezni\u010dkog prometa u Hrvatskoj, 15. listopada 2025."},"content":{"rendered":"<p>[et_pb_section fb_built=&#8221;1&#8243; _builder_version=&#8221;4.16&#8243; global_colors_info=&#8221;{}&#8221;][et_pb_row _builder_version=&#8221;4.16&#8243; background_size=&#8221;initial&#8221; background_position=&#8221;top_left&#8221; background_repeat=&#8221;repeat&#8221; global_colors_info=&#8221;{}&#8221;][et_pb_column type=&#8221;4_4&#8243; _builder_version=&#8221;4.16&#8243; custom_padding=&#8221;|||&#8221; global_colors_info=&#8221;{}&#8221; custom_padding__hover=&#8221;|||&#8221;][et_pb_text _builder_version=&#8221;4.27.4&#8243; background_size=&#8221;initial&#8221; background_position=&#8221;top_left&#8221; background_repeat=&#8221;repeat&#8221; global_colors_info=&#8221;{}&#8221;]<\/p>\n<p>U srijedu, 15. listopada, u prostorijama Ministarstva mora, prometa i infrastrukture, odr\u017eana je prva tematska konferencija posve\u0107ena sigurnosti \u017eeljezni\u010dkog prometa. Konferencija, koja je okupila vi\u0161e od stotinu dionika, najve\u0107a je ovakva konferencija u resoru \u017eeljezni\u010dkog prometa, a organizirali su je:<\/p>\n<p>\ud83d\udd39 Agencija za istra\u017eivanje nesre\u0107a u zra\u010dnom, pomorskom i \u017eeljezni\u010dkom prometu (AIN)<br \/>\ud83d\udd39 Agencija za sigurnost \u017eeljezni\u010dkog prometa (AS\u017d)<br \/>\ud83d\udd39 Hrvatsko dru\u0161tvo \u017eeljezni\u010dkih in\u017eenjera (HD\u017dI)<\/p>\n<p>Cilj konferencije bio je predstaviti sustav upravljanja sigurno\u0161\u0107u hrvatskog \u017eeljezni\u010dkog sustava, njegove klju\u010dne elemente te primjenu u praksi. Uime na\u0161e Agencije, okupljenima se obratila ravnateljica <a id=\"ember576\" class=\"ember-view\" tabindex=\"0\" href=\"https:\/\/www.linkedin.com\/in\/alana-vuki%C4%87-b9824a275\/\">Alana Vuki\u0107<\/a> koja je istaknula kako je sigurnost \u017eeljezni\u010dkog prometa na visokoj razini, no uvijek postoji prostor za napredak, osobito u vidu sna\u017enije suradnje dionika i pra\u0107enja tehnolo\u0161kog napretka. Va\u017ean korak u tome smjeru predstavlja i odr\u017eana konferencija. <\/p>\n<p>Zahvaljujemo svim sudionicima, predava\u010dima i partnerima na iznimno konstruktivnoj razmjeni znanja, iskustava i ideja. Va\u0161 doprinos klju\u010dan je za daljnji razvoj sigurnosti i pouzdanosti \u017eeljezni\u010dkog prometa u Hrvatskoj.<\/p>\n<p>[\/et_pb_text][\/et_pb_column][\/et_pb_row][et_pb_row column_structure=&#8221;1_3,1_3,1_3&#8243; _builder_version=&#8221;4.27.4&#8243; _module_preset=&#8221;default&#8221; global_colors_info=&#8221;{}&#8221;][et_pb_column type=&#8221;1_3&#8243; _builder_version=&#8221;4.27.4&#8243; _module_preset=&#8221;default&#8221; global_colors_info=&#8221;{}&#8221;][et_pb_image src=&#8221;https:\/\/ain.hr\/wp-content\/uploads\/2025\/10\/Konferencija15102025_01-1024&#215;683.jpg&#8221; title_text=&#8221;Dubrovnik_vjezba_more_2025_S1&#8243; show_in_lightbox=&#8221;on&#8221; _builder_version=&#8221;4.27.4&#8243; _module_preset=&#8221;default&#8221; global_colors_info=&#8221;{}&#8221;][\/et_pb_image][et_pb_image src=&#8221;https:\/\/ain.hr\/wp-content\/uploads\/2025\/10\/Konferencija15102025_06-1024&#215;683.jpg&#8221; alt=&#8221;Pomorska vje\u017eba Adriatic Sea SARex\/POLex\/COMex 2025, Dubrovnik&#8221; title_text=&#8221;Dubrovnik_vjezba_more_2025_S2&#8243; show_in_lightbox=&#8221;on&#8221; _builder_version=&#8221;4.27.4&#8243; _module_preset=&#8221;default&#8221; global_colors_info=&#8221;{}&#8221;][\/et_pb_image][\/et_pb_column][et_pb_column type=&#8221;1_3&#8243; _builder_version=&#8221;4.27.4&#8243; _module_preset=&#8221;default&#8221; global_colors_info=&#8221;{}&#8221;][et_pb_image src=&#8221;https:\/\/ain.hr\/wp-content\/uploads\/2025\/10\/Konferencija15102025_05-1024&#215;683.jpg&#8221; alt=&#8221;Pomorska vje\u017eba Adriatic Sea SARex\/POLex\/COMex 2025, Dubrovnik&#8221; title_text=&#8221;Dubrovnik_vjezba_more_2025_S4&#8243; show_in_lightbox=&#8221;on&#8221; _builder_version=&#8221;4.27.4&#8243; _module_preset=&#8221;default&#8221; global_colors_info=&#8221;{}&#8221;][\/et_pb_image][et_pb_image src=&#8221;https:\/\/ain.hr\/wp-content\/uploads\/2025\/10\/Konferencija15102025_03-1024&#215;683.jpg&#8221; alt=&#8221;Pomorska vje\u017eba Adriatic Sea SARex\/POLex\/COMex 2025, Dubrovnik&#8221; title_text=&#8221;Dubrovnik_vjezba_more_2025_S14&#8243; show_in_lightbox=&#8221;on&#8221; _builder_version=&#8221;4.27.4&#8243; _module_preset=&#8221;default&#8221; global_colors_info=&#8221;{}&#8221;][\/et_pb_image][\/et_pb_column][et_pb_column type=&#8221;1_3&#8243; _builder_version=&#8221;4.27.4&#8243; _module_preset=&#8221;default&#8221; global_colors_info=&#8221;{}&#8221;][et_pb_image src=&#8221;https:\/\/ain.hr\/wp-content\/uploads\/2025\/10\/Konferencija15102025_04-1024&#215;683.jpg&#8221; alt=&#8221;Pomorska vje\u017eba Adriatic Sea SARex\/POLex\/COMex 2025, Dubrovnik&#8221; title_text=&#8221;Dubrovnik_vjezba_more_2025_S3&#8243; show_in_lightbox=&#8221;on&#8221; _builder_version=&#8221;4.27.4&#8243; _module_preset=&#8221;default&#8221; global_colors_info=&#8221;{}&#8221;][\/et_pb_image][et_pb_image src=&#8221;https:\/\/ain.hr\/wp-content\/uploads\/2025\/10\/Konferencija15102025_02-1024&#215;683.jpg&#8221; alt=&#8221;Pomorska vje\u017eba Adriatic Sea SARex\/POLex\/COMex 2025, Dubrovnik&#8221; title_text=&#8221;Dubrovnik_vjezba_more_2025_S6&#8243; show_in_lightbox=&#8221;on&#8221; _builder_version=&#8221;4.27.4&#8243; _module_preset=&#8221;default&#8221; global_colors_info=&#8221;{}&#8221;][\/et_pb_image][\/et_pb_column][\/et_pb_row][\/et_pb_section]<\/p>\n","protected":false},"excerpt":{"rendered":"<p>U srijedu, 15. listopada, u prostorijama Ministarstva mora, prometa i infrastrukture, odr\u017eana je prva tematska konferencija posve\u0107ena sigurnosti \u017eeljezni\u010dkog prometa. Konferencija, koja je okupila vi\u0161e od stotinu dionika, najve\u0107a je ovakva konferencija u resoru \u017eeljezni\u010dkog prometa, a organizirali su je: \ud83d\udd39 Agencija za istra\u017eivanje nesre\u0107a u zra\u010dnom, pomorskom i \u017eeljezni\u010dkom prometu (AIN)\ud83d\udd39 Agencija za sigurnost [&hellip;]<\/p>\n","protected":false},"author":2,"featured_media":7472,"comment_status":"open","ping_status":"open","sticky":false,"template":"","format":"standard","meta":{"_et_pb_use_builder":"on","_et_pb_old_content":"","_et_gb_content_width":"","footnotes":""},"categories":[2],"tags":[],"class_list":["post-7474","post","type-post","status-publish","format-standard","has-post-thumbnail","hentry","category-novosti"],"_links":{"self":[{"href":"https:\/\/ain.hr\/en\/wp-json\/wp\/v2\/posts\/7474","targetHints":{"allow":["GET"]}}],"collection":[{"href":"https:\/\/ain.hr\/en\/wp-json\/wp\/v2\/posts"}],"about":[{"href":"https:\/\/ain.hr\/en\/wp-json\/wp\/v2\/types\/post"}],"author":[{"embeddable":true,"href":"https:\/\/ain.hr\/en\/wp-json\/wp\/v2\/users\/2"}],"replies":[{"embeddable":true,"href":"https:\/\/ain.hr\/en\/wp-json\/wp\/v2\/comments?post=7474"}],"version-history":[{"count":3,"href":"https:\/\/ain.hr\/en\/wp-json\/wp\/v2\/posts\/7474\/revisions"}],"predecessor-version":[{"id":7489,"href":"https:\/\/ain.hr\/en\/wp-json\/wp\/v2\/posts\/7474\/revisions\/7489"}],"wp:featuredmedia":[{"embeddable":true,"href":"https:\/\/ain.hr\/en\/wp-json\/wp\/v2\/media\/7472"}],"wp:attachment":[{"href":"https:\/\/ain.hr\/en\/wp-json\/wp\/v2\/media?parent=7474"}],"wp:term":[{"taxonomy":"category","embeddable":true,"href":"https:\/\/ain.hr\/en\/wp-json\/wp\/v2\/categories?post=7474"},{"taxonomy":"post_tag","embeddable":true,"href":"https:\/\/ain.hr\/en\/wp-json\/wp\/v2\/tags?post=7474"}],"curies":[{"name":"wp","href":"https:\/\/api.w.org\/{rel}","templated":true}]}}