{"id":7484,"date":"2025-10-17T13:12:44","date_gmt":"2025-10-17T13:12:44","guid":{"rendered":"https:\/\/ain.hr\/?p=7484"},"modified":"2025-10-22T11:49:12","modified_gmt":"2025-10-22T11:49:12","slug":"ain-na-medunarodnoj-vjezbi-u-rimu15-i-16-listopada-2025","status":"publish","type":"post","link":"https:\/\/ain.hr\/en\/ain-na-medunarodnoj-vjezbi-u-rimu15-i-16-listopada-2025\/","title":{"rendered":"AIN na me\u0111unarodnoj vje\u017ebi u Rimu,15. i 16. listopada 2025."},"content":{"rendered":"<p>[et_pb_section fb_built=&#8221;1&#8243; _builder_version=&#8221;4.16&#8243; global_colors_info=&#8221;{}&#8221;][et_pb_row _builder_version=&#8221;4.16&#8243; background_size=&#8221;initial&#8221; background_position=&#8221;top_left&#8221; background_repeat=&#8221;repeat&#8221; global_colors_info=&#8221;{}&#8221;][et_pb_column type=&#8221;4_4&#8243; _builder_version=&#8221;4.16&#8243; custom_padding=&#8221;|||&#8221; global_colors_info=&#8221;{}&#8221; custom_padding__hover=&#8221;|||&#8221;][et_pb_text _builder_version=&#8221;4.27.4&#8243; background_size=&#8221;initial&#8221; background_position=&#8221;top_left&#8221; background_repeat=&#8221;repeat&#8221; global_colors_info=&#8221;{}&#8221;]<\/p>\n<p>Istra\u017eitelji zrakoplovnih nesre\u0107a iz Agencije za istra\u017eivanje nesre\u0107a u zra\u010dnom, pomorskom i \u017eeljezni\u010dkom prometu (AIN), Danko Petrin (glavni istra\u017eitelj) i Tomo Mati\u0107 (istra\u017eitelj s PPL kvalifikacijom i iskustvom u odr\u017eavanju zrakoplova), sudjelovali su u me\u0111unarodnoj vje\u017ebi koju je organiziralo talijansko istra\u017eno tijelo ANSV (Agenzia Nazionale per la Sicurezza del Volo).<\/p>\n<p>Vje\u017eba je bila usmjerena na razmjenu znanja, simulaciju istra\u017enih postupaka i ja\u010danje suradnje me\u0111u europskim sigurnosnim institucijama u podru\u010dju civilnog zrakoplovstva.<\/p>\n<p>Zahvaljujemo ANSV-u na pozivu i izvrsnoj organizaciji te svim sudionicima na profesionalnom doprinosu i zajedni\u010dkom u\u010denju.<\/p>\n<p>[\/et_pb_text][\/et_pb_column][\/et_pb_row][et_pb_row column_structure=&#8221;1_2,1_2&#8243; _builder_version=&#8221;4.27.4&#8243; _module_preset=&#8221;default&#8221; global_colors_info=&#8221;{}&#8221;][et_pb_column type=&#8221;1_2&#8243; _builder_version=&#8221;4.27.4&#8243; _module_preset=&#8221;default&#8221; global_colors_info=&#8221;{}&#8221;][et_pb_image src=&#8221;https:\/\/ain.hr\/wp-content\/uploads\/2025\/10\/Vjezba_Rim_102025_02-1024&#215;768.jpeg&#8221; title_text=&#8221;Vjezba_Rim_102025_02&#8243; show_in_lightbox=&#8221;on&#8221; _builder_version=&#8221;4.27.4&#8243; _module_preset=&#8221;default&#8221; global_colors_info=&#8221;{}&#8221;][\/et_pb_image][\/et_pb_column][et_pb_column type=&#8221;1_2&#8243; _builder_version=&#8221;4.27.4&#8243; _module_preset=&#8221;default&#8221; global_colors_info=&#8221;{}&#8221;][et_pb_image src=&#8221;https:\/\/ain.hr\/wp-content\/uploads\/2025\/10\/Vjezba_Rim_102025_03-1024&#215;768.jpeg&#8221; title_text=&#8221;Vjezba_Rim_102025_03&#8243; show_in_lightbox=&#8221;on&#8221; _builder_version=&#8221;4.27.4&#8243; _module_preset=&#8221;default&#8221; global_colors_info=&#8221;{}&#8221;][\/et_pb_image][\/et_pb_column][\/et_pb_row][\/et_pb_section]<\/p>\n","protected":false},"excerpt":{"rendered":"<p>Istra\u017eitelji zrakoplovnih nesre\u0107a iz Agencije za istra\u017eivanje nesre\u0107a u zra\u010dnom, pomorskom i \u017eeljezni\u010dkom prometu (AIN), Danko Petrin (glavni istra\u017eitelj) i Tomo Mati\u0107 (istra\u017eitelj s PPL kvalifikacijom i iskustvom u odr\u017eavanju zrakoplova), sudjelovali su u me\u0111unarodnoj vje\u017ebi koju je organiziralo talijansko istra\u017eno tijelo ANSV (Agenzia Nazionale per la Sicurezza del Volo). Vje\u017eba je bila usmjerena na [&hellip;]<\/p>\n","protected":false},"author":2,"featured_media":7500,"comment_status":"open","ping_status":"open","sticky":false,"template":"","format":"standard","meta":{"_et_pb_use_builder":"on","_et_pb_old_content":"","_et_gb_content_width":"","footnotes":""},"categories":[2],"tags":[],"class_list":["post-7484","post","type-post","status-publish","format-standard","has-post-thumbnail","hentry","category-novosti"],"_links":{"self":[{"href":"https:\/\/ain.hr\/en\/wp-json\/wp\/v2\/posts\/7484","targetHints":{"allow":["GET"]}}],"collection":[{"href":"https:\/\/ain.hr\/en\/wp-json\/wp\/v2\/posts"}],"about":[{"href":"https:\/\/ain.hr\/en\/wp-json\/wp\/v2\/types\/post"}],"author":[{"embeddable":true,"href":"https:\/\/ain.hr\/en\/wp-json\/wp\/v2\/users\/2"}],"replies":[{"embeddable":true,"href":"https:\/\/ain.hr\/en\/wp-json\/wp\/v2\/comments?post=7484"}],"version-history":[{"count":3,"href":"https:\/\/ain.hr\/en\/wp-json\/wp\/v2\/posts\/7484\/revisions"}],"predecessor-version":[{"id":7502,"href":"https:\/\/ain.hr\/en\/wp-json\/wp\/v2\/posts\/7484\/revisions\/7502"}],"wp:featuredmedia":[{"embeddable":true,"href":"https:\/\/ain.hr\/en\/wp-json\/wp\/v2\/media\/7500"}],"wp:attachment":[{"href":"https:\/\/ain.hr\/en\/wp-json\/wp\/v2\/media?parent=7484"}],"wp:term":[{"taxonomy":"category","embeddable":true,"href":"https:\/\/ain.hr\/en\/wp-json\/wp\/v2\/categories?post=7484"},{"taxonomy":"post_tag","embeddable":true,"href":"https:\/\/ain.hr\/en\/wp-json\/wp\/v2\/tags?post=7484"}],"curies":[{"name":"wp","href":"https:\/\/api.w.org\/{rel}","templated":true}]}}