{"id":7671,"date":"2025-12-22T14:21:37","date_gmt":"2025-12-22T14:21:37","guid":{"rendered":"https:\/\/ain.hr\/?p=7671"},"modified":"2025-12-22T14:26:39","modified_gmt":"2025-12-22T14:26:39","slug":"intervju-s-ravnateljicom-alanom-vukic-o-ulozi-i-nacinu-rada-agencije-za-istrazivanje-nesreca-u-zracnom-pomorskom-i-zeljeznickom-prometu-u-casopisu-zeljeznice-21","status":"publish","type":"post","link":"https:\/\/ain.hr\/en\/intervju-s-ravnateljicom-alanom-vukic-o-ulozi-i-nacinu-rada-agencije-za-istrazivanje-nesreca-u-zracnom-pomorskom-i-zeljeznickom-prometu-u-casopisu-zeljeznice-21\/","title":{"rendered":"Intervju s ravnateljicom Alanom Vuki\u0107 o ulozi i na\u010dinu rada Agencije za istra\u017eivanje nesre\u0107a u zra\u010dnom, pomorskom i \u017eeljezni\u010dkom prometu u \u010dasopisu &#8220;\u017deljeznice 21&#8221;"},"content":{"rendered":"<p>[et_pb_section fb_built=&#8221;1&#8243; _builder_version=&#8221;4.16&#8243; global_colors_info=&#8221;{}&#8221;][et_pb_row _builder_version=&#8221;4.16&#8243; background_size=&#8221;initial&#8221; background_position=&#8221;top_left&#8221; background_repeat=&#8221;repeat&#8221; global_colors_info=&#8221;{}&#8221;][et_pb_column type=&#8221;4_4&#8243; _builder_version=&#8221;4.16&#8243; custom_padding=&#8221;|||&#8221; global_colors_info=&#8221;{}&#8221; custom_padding__hover=&#8221;|||&#8221;][et_pb_text _builder_version=&#8221;4.27.5&#8243; background_size=&#8221;initial&#8221; background_position=&#8221;top_left&#8221; background_repeat=&#8221;repeat&#8221; hover_enabled=&#8221;0&#8243; global_colors_info=&#8221;{}&#8221; sticky_enabled=&#8221;0&#8243;]<\/p>\n<p>U najnovijem broju \u010dasopisa \u201e\u017deljeznice 21\u201c mo\u017eete pro\u010ditati intervju s na\u0161om ravnateljicom Alanom Vuki\u0107<a id=\"ember53\" class=\"ember-view\" tabindex=\"0\" href=\"https:\/\/www.linkedin.com\/in\/alana-vuki%C4%87-b9824a275\/\"><\/a> u kojem govori o ulozi i na\u010dinu rada Agencije za istra\u017eivanje nesre\u0107a u zra\u010dnom, pomorskom i \u017eeljezni\u010dkom prometu.<\/p>\n<p>Ovdje izdvajamo pet klju\u010dnih poruka:<\/p>\n<p>1.\u00a0\u00a0\u00a0\u00a0Agencija je multimodalna i provodi sigurnosne istrage u zra\u010dnom, pomorskom i \u017eeljezni\u010dkom prometu, \u0161to zahtijeva multidisciplinarni pristup i visoku razinu stru\u010dnosti.<br \/>2.\u00a0\u00a0\u00a0\u00a0Cilj sigurnosnih istraga nije utvr\u0111ivanje krivnje, ve\u0107 prevencija budu\u0107ih nesre\u0107a, istra\u017eivanjem njihovih uzroka i davanjem sigurnosnih preporuka.<br \/>3.\u00a0\u00a0\u00a0\u00a0Sigurnosne preporuke nisu obvezuju\u0107e, ali imaju sna\u017enu stru\u010dnu te\u017einu i u praksi se u velikoj mjeri prihva\u0107aju.<br \/>4.\u00a0\u00a0\u00a0\u00a0Agencija vodi nacionalne baze podataka o doga\u0111ajima koji su ugrozili promet u ovim trima vrstama prometa, \u010dime omogu\u0107uje uvid u sigurnosne rizike i poma\u017ee drugim dionicima u dono\u0161enju preventivnih mjera.<br \/>5.\u00a0\u00a0\u00a0\u00a0Ravnateljica je ocijenila i sigurnost \u017eeljezni\u010dkog sustava u Hrvatskoj, smatraju\u0107i da je ona na zadovoljavaju\u0107oj razini, ali postoji i prostor za daljnji napredak \u2013 \u00a0osobito kada je u pitanju ja\u010danje suradnje svih dionika i br\u017ee usvajanje novih tehnologija.<\/p>\n<p>Na kraju, ravnateljica AIN-a istaknula je da sigurnost u prometu nije rezultat slu\u010dajnosti ili isklju\u010divo tehni\u010dko pitanje, ve\u0107 temeljna vrijednost koja proizlazi iz sustavnog rada, otvorene suradnje i stalnog u\u010denja.<\/p>\n<p>Zahvaljujemo \u010dasopisu \u201e\u017deljeznice 21\u201c na prilici da predstavimo svoj rad i viziju i veselimo se budu\u0107oj suradnji.<\/p>\n<p>&nbsp;<\/p>\n<p>Cijeli intervju mo\u017eete pro\u010ditati u \u010dasopisu &#8220;\u017deljeznice 21&#8221; koji mo\u017eete preuzeti na:<\/p>\n<p>[\/et_pb_text][et_pb_button button_url=&#8221;https:\/\/ain.hr\/wp-content\/uploads\/2025\/12\/Zeljeznice-21-4-25.pdf&#8221; url_new_window=&#8221;on&#8221; button_text=&#8221;\u010casopis %22\u017deljeznice 21%22, 4\/2025&#8243; _builder_version=&#8221;4.27.5&#8243; _module_preset=&#8221;default&#8221; global_colors_info=&#8221;{}&#8221;][\/et_pb_button][\/et_pb_column][\/et_pb_row][et_pb_row column_structure=&#8221;1_3,1_3,1_3&#8243; _builder_version=&#8221;4.27.5&#8243; _module_preset=&#8221;default&#8221; global_colors_info=&#8221;{}&#8221;][et_pb_column type=&#8221;1_3&#8243; _builder_version=&#8221;4.27.5&#8243; _module_preset=&#8221;default&#8221; global_colors_info=&#8221;{}&#8221;][et_pb_image src=&#8221;https:\/\/ain.hr\/wp-content\/uploads\/2025\/12\/Zeljeznica_21_casopis_01-1024&#215;768.jpg&#8221; title_text=&#8221;\u017deljeznica_21_casopis_01&#8243; show_in_lightbox=&#8221;on&#8221; _builder_version=&#8221;4.27.5&#8243; _module_preset=&#8221;default&#8221; global_colors_info=&#8221;{}&#8221;][\/et_pb_image][\/et_pb_column][et_pb_column type=&#8221;1_3&#8243; _builder_version=&#8221;4.27.5&#8243; _module_preset=&#8221;default&#8221; global_colors_info=&#8221;{}&#8221;][et_pb_image src=&#8221;https:\/\/ain.hr\/wp-content\/uploads\/2025\/12\/Zeljeznica_21_casopis_02-1024&#215;768.jpg&#8221; title_text=&#8221;\u017deljeznica_21_casopis_02&#8243; show_in_lightbox=&#8221;on&#8221; _builder_version=&#8221;4.27.5&#8243; _module_preset=&#8221;default&#8221; global_colors_info=&#8221;{}&#8221;][\/et_pb_image][\/et_pb_column][et_pb_column type=&#8221;1_3&#8243; _builder_version=&#8221;4.27.5&#8243; _module_preset=&#8221;default&#8221; global_colors_info=&#8221;{}&#8221;][et_pb_image src=&#8221;https:\/\/ain.hr\/wp-content\/uploads\/2025\/12\/Zeljeznica_21_casopis_03-652&#215;1024.jpg&#8221; title_text=&#8221;\u017deljeznica_21_casopis_03&#8243; show_in_lightbox=&#8221;on&#8221; _builder_version=&#8221;4.27.5&#8243; _module_preset=&#8221;default&#8221; global_colors_info=&#8221;{}&#8221;][\/et_pb_image][\/et_pb_column][\/et_pb_row][\/et_pb_section]<\/p>\n","protected":false},"excerpt":{"rendered":"<p>U najnovijem broju \u010dasopisa \u201e\u017deljeznice 21\u201c mo\u017eete pro\u010ditati intervju s na\u0161om ravnateljicom Alanom Vuki\u0107 u kojem govori o ulozi i na\u010dinu rada Agencije za istra\u017eivanje nesre\u0107a u zra\u010dnom, pomorskom i \u017eeljezni\u010dkom prometu. Ovdje izdvajamo pet klju\u010dnih poruka: 1.\u00a0\u00a0\u00a0\u00a0Agencija je multimodalna i provodi sigurnosne istrage u zra\u010dnom, pomorskom i \u017eeljezni\u010dkom prometu, \u0161to zahtijeva multidisciplinarni pristup i [&hellip;]<\/p>\n","protected":false},"author":2,"featured_media":7661,"comment_status":"open","ping_status":"open","sticky":false,"template":"","format":"standard","meta":{"_et_pb_use_builder":"on","_et_pb_old_content":"<p>U najnovijem broju \u010dasopisa \u201e\u017deljeznice 21\u201c mo\u0107i \u0107ete pro\u010ditati intervju s na\u0161om ravnateljicom Alanom Vuki\u0107<a id=\"ember53\" class=\"ember-view\" tabindex=\"0\" href=\"https:\/\/www.linkedin.com\/in\/alana-vuki%C4%87-b9824a275\/\"><\/a> u kojem govori o ulozi i na\u010dinu rada Agencije za istra\u017eivanje nesre\u0107a u zra\u010dnom, pomorskom i \u017eeljezni\u010dkom prometu.<br \/>Ovdje izdvajamo pet klju\u010dnih poruka:<br \/><br \/>1.\u00a0\u00a0\u00a0\u00a0Agencija je multimodalna i provodi sigurnosne istrage u zra\u010dnom, pomorskom i \u017eeljezni\u010dkom prometu, \u0161to zahtijeva multidisciplinarni pristup i visoku razinu stru\u010dnosti.<br \/>2.\u00a0\u00a0\u00a0\u00a0Cilj sigurnosnih istraga nije utvr\u0111ivanje krivnje, ve\u0107 prevencija budu\u0107ih nesre\u0107a, istra\u017eivanjem njihovih uzroka i davanjem sigurnosnih preporuka. <br \/>3.\u00a0\u00a0\u00a0\u00a0Sigurnosne preporuke nisu obvezuju\u0107e, ali imaju sna\u017enu stru\u010dnu te\u017einu i u praksi se u velikoj mjeri prihva\u0107aju.<br \/>4.\u00a0\u00a0\u00a0\u00a0Agencija vodi nacionalne baze podataka o doga\u0111ajima koji su ugrozili promet u ovim trima vrstama prometa, \u010dime omogu\u0107uje uvid u sigurnosne rizike i poma\u017ee drugim dionicima u dono\u0161enju preventivnih mjera.<br \/>5.\u00a0\u00a0\u00a0\u00a0Alana je ocijenila i sigurnost \u017eeljezni\u010dkog sustava u Hrvatskoj, smatraju\u0107i da je ona na zadovoljavaju\u0107oj razini, ali postoji i prostor za daljnji napredak \u2013 \u00a0osobito kada je u pitanju ja\u010danje suradnje svih dionika i br\u017ee usvajanje novih tehnologija.<\/p><p>Na kraju, ravnateljica AIN-a istaknula je da sigurnost u prometu nije rezultat slu\u010dajnosti ili isklju\u010divo tehni\u010dko pitanje, ve\u0107 temeljna vrijednost koja proizlazi iz sustavnog rada, otvorene suradnje i stalnog u\u010denja.<br \/><br \/>Zahvaljujemo \u010dasopisu \u201e\u017deljeznice 21\u201c na prilici da predstavimo svoj rad i viziju i veselimo se budu\u0107oj suradnji.<\/p><p>Cijeli intervju mo\u017eete pro\u010ditati na:<\/p><p>\u00a0<\/p><p>\u00a0<\/p><p>\u00a0<\/p>","_et_gb_content_width":"","footnotes":""},"categories":[2],"tags":[],"class_list":["post-7671","post","type-post","status-publish","format-standard","has-post-thumbnail","hentry","category-novosti"],"_links":{"self":[{"href":"https:\/\/ain.hr\/en\/wp-json\/wp\/v2\/posts\/7671","targetHints":{"allow":["GET"]}}],"collection":[{"href":"https:\/\/ain.hr\/en\/wp-json\/wp\/v2\/posts"}],"about":[{"href":"https:\/\/ain.hr\/en\/wp-json\/wp\/v2\/types\/post"}],"author":[{"embeddable":true,"href":"https:\/\/ain.hr\/en\/wp-json\/wp\/v2\/users\/2"}],"replies":[{"embeddable":true,"href":"https:\/\/ain.hr\/en\/wp-json\/wp\/v2\/comments?post=7671"}],"version-history":[{"count":2,"href":"https:\/\/ain.hr\/en\/wp-json\/wp\/v2\/posts\/7671\/revisions"}],"predecessor-version":[{"id":7679,"href":"https:\/\/ain.hr\/en\/wp-json\/wp\/v2\/posts\/7671\/revisions\/7679"}],"wp:featuredmedia":[{"embeddable":true,"href":"https:\/\/ain.hr\/en\/wp-json\/wp\/v2\/media\/7661"}],"wp:attachment":[{"href":"https:\/\/ain.hr\/en\/wp-json\/wp\/v2\/media?parent=7671"}],"wp:term":[{"taxonomy":"category","embeddable":true,"href":"https:\/\/ain.hr\/en\/wp-json\/wp\/v2\/categories?post=7671"},{"taxonomy":"post_tag","embeddable":true,"href":"https:\/\/ain.hr\/en\/wp-json\/wp\/v2\/tags?post=7671"}],"curies":[{"name":"wp","href":"https:\/\/api.w.org\/{rel}","templated":true}]}}