{"id":8011,"date":"2026-02-16T13:18:31","date_gmt":"2026-02-16T13:18:31","guid":{"rendered":"https:\/\/ain.hr\/?p=8011"},"modified":"2026-02-16T13:18:31","modified_gmt":"2026-02-16T13:18:31","slug":"pomorska-nezgoda-deniz-akay-galeb-rijeka-13-veljace-2026","status":"publish","type":"post","link":"https:\/\/ain.hr\/en\/pomorska-nezgoda-deniz-akay-galeb-rijeka-13-veljace-2026\/","title":{"rendered":"Pomorska nezgoda Deniz Akay &#8211; Galeb, Rijeka, 13. velja\u010de 2026."},"content":{"rendered":"<p>Dana 13. velja\u010de oko 20.15 sati u rije\u010dkoj luci prilikom isplovljavanja teretnog broda \u201cDeniz Akay\u201d, zastave Barbados, dogodila se pomorska nezgoda na na\u010din da je do\u0161lo do udara broda u plutaju\u0107i objekt \u201eGaleb\u201c, koji se nalazio na stalnome vezu, uz lukobran luke Rijeka.<\/p>\n<p>U pomorskoj nezgodi nije bilo stradalih i ozlije\u0111enih osoba, kao niti one\u010di\u0161\u0107enja mora i morskog okoli\u0161a. Uslijed nezgode do\u0161lo je do manjeg o\u0161te\u0107enja lijeve strane teretnog broda, kao i \u0161tete na lijevom pram\u010danom dijelu vezanoga plutaju\u0107eg objekta \u201eGaleb\u201c.<\/p>\n<p>Istra\u017eitelj Agencije na mjestu pomorske nezgode obavio je o\u010devid, te je o istome obavije\u0161teno istra\u017eno tijelo dr\u017eave zastave broda.<\/p>\n","protected":false},"excerpt":{"rendered":"<p>Dana 13. velja\u010de oko 20.15 sati u rije\u010dkoj luci prilikom isplovljavanja teretnog broda \u201cDeniz Akay\u201d, zastave Barbados, dogodila se pomorska nezgoda na na\u010din da je do\u0161lo do udara broda u plutaju\u0107i objekt \u201eGaleb\u201c, koji se nalazio na stalnome vezu, uz lukobran luke Rijeka. U pomorskoj nezgodi nije bilo stradalih i ozlije\u0111enih osoba, kao niti one\u010di\u0161\u0107enja [&hellip;]<\/p>\n","protected":false},"author":2,"featured_media":8009,"comment_status":"open","ping_status":"open","sticky":false,"template":"","format":"standard","meta":{"_et_pb_use_builder":"","_et_pb_old_content":"","_et_gb_content_width":"","footnotes":""},"categories":[2],"tags":[],"class_list":["post-8011","post","type-post","status-publish","format-standard","has-post-thumbnail","hentry","category-novosti"],"_links":{"self":[{"href":"https:\/\/ain.hr\/en\/wp-json\/wp\/v2\/posts\/8011","targetHints":{"allow":["GET"]}}],"collection":[{"href":"https:\/\/ain.hr\/en\/wp-json\/wp\/v2\/posts"}],"about":[{"href":"https:\/\/ain.hr\/en\/wp-json\/wp\/v2\/types\/post"}],"author":[{"embeddable":true,"href":"https:\/\/ain.hr\/en\/wp-json\/wp\/v2\/users\/2"}],"replies":[{"embeddable":true,"href":"https:\/\/ain.hr\/en\/wp-json\/wp\/v2\/comments?post=8011"}],"version-history":[{"count":1,"href":"https:\/\/ain.hr\/en\/wp-json\/wp\/v2\/posts\/8011\/revisions"}],"predecessor-version":[{"id":8012,"href":"https:\/\/ain.hr\/en\/wp-json\/wp\/v2\/posts\/8011\/revisions\/8012"}],"wp:featuredmedia":[{"embeddable":true,"href":"https:\/\/ain.hr\/en\/wp-json\/wp\/v2\/media\/8009"}],"wp:attachment":[{"href":"https:\/\/ain.hr\/en\/wp-json\/wp\/v2\/media?parent=8011"}],"wp:term":[{"taxonomy":"category","embeddable":true,"href":"https:\/\/ain.hr\/en\/wp-json\/wp\/v2\/categories?post=8011"},{"taxonomy":"post_tag","embeddable":true,"href":"https:\/\/ain.hr\/en\/wp-json\/wp\/v2\/tags?post=8011"}],"curies":[{"name":"wp","href":"https:\/\/api.w.org\/{rel}","templated":true}]}}