{"id":8032,"date":"2026-02-27T17:05:40","date_gmt":"2026-02-27T17:05:40","guid":{"rendered":"https:\/\/ain.hr\/?p=8032"},"modified":"2026-03-02T09:08:27","modified_gmt":"2026-03-02T09:08:27","slug":"empowerher-womens-empowerment-and-networking-day-27-veljace-2026","status":"publish","type":"post","link":"https:\/\/ain.hr\/en\/empowerher-womens-empowerment-and-networking-day-27-veljace-2026\/","title":{"rendered":"EmpowerHER: Women\u2019s Empowerment and Networking Day, 27.velja\u010de 2026."},"content":{"rendered":"<p>U petak, 27. velja\u010de, odr\u017ean je EmpowerHER: Women\u2019s Empowerment and Networking Day, posve\u0107en ja\u010danju autenti\u010dnog liderstva \u017eena u javnoj upravi, na kojem je na\u0161a ravnateljica Alana Vuki\u0107 nazo\u010dila kao po\u010dasna \u010dlanica i prva govornica.<br \/>\nNa doga\u0111anju su iznesena inspirativna izlaganja kako bi se razmjenom znanja i iskustava slavila autenti\u010dnost \u017eenskog vodstva i snaga onih koje uvijek biraju biti svoje \u2013 bez maski i isprika.<\/p>\n<p>Alana je prisutne upoznala sa svojim iskustvom vo\u0111enja Agencije za istra\u017eivanje nesre\u0107a u zra\u010dnom, pomorskom i \u017eeljezni\u010dkom prometu. Promi\u0161ljaju\u0107i o liderstvu, Alana isti\u010de: \u201eVje\u0161tine dobrog liderstva uklju\u010duju znanje i stru\u010dnost na kojima osoba temelji svoj autoritet, a va\u017ena je i vizija budu\u0107nosti \u2013 odnosno, pogleda u kojem smjeru bi se organizacija trebala razvijati. No, iznad svega toga, biram autenti\u010dnost jer ona omogu\u0107uje da budemo doista svoje i time gradimo povjerenje zaposlenika.\u201c<br \/>\nPonosni smo \u0161to svojim djelovanjem doprinosimo ja\u010danju autenti\u010dnog i odgovornog liderstva u javnom sektoru.<\/p>\n","protected":false},"excerpt":{"rendered":"<p>U petak, 27. velja\u010de, odr\u017ean je EmpowerHER: Women\u2019s Empowerment and Networking Day, posve\u0107en ja\u010danju autenti\u010dnog liderstva \u017eena u javnoj upravi, na kojem je na\u0161a ravnateljica Alana Vuki\u0107 nazo\u010dila kao po\u010dasna \u010dlanica i prva govornica. Na doga\u0111anju su iznesena inspirativna izlaganja kako bi se razmjenom znanja i iskustava slavila autenti\u010dnost \u017eenskog vodstva i snaga onih koje [&hellip;]<\/p>\n","protected":false},"author":2,"featured_media":8030,"comment_status":"open","ping_status":"open","sticky":false,"template":"","format":"standard","meta":{"_et_pb_use_builder":"","_et_pb_old_content":"","_et_gb_content_width":"","footnotes":""},"categories":[2],"tags":[],"class_list":["post-8032","post","type-post","status-publish","format-standard","has-post-thumbnail","hentry","category-novosti"],"_links":{"self":[{"href":"https:\/\/ain.hr\/en\/wp-json\/wp\/v2\/posts\/8032","targetHints":{"allow":["GET"]}}],"collection":[{"href":"https:\/\/ain.hr\/en\/wp-json\/wp\/v2\/posts"}],"about":[{"href":"https:\/\/ain.hr\/en\/wp-json\/wp\/v2\/types\/post"}],"author":[{"embeddable":true,"href":"https:\/\/ain.hr\/en\/wp-json\/wp\/v2\/users\/2"}],"replies":[{"embeddable":true,"href":"https:\/\/ain.hr\/en\/wp-json\/wp\/v2\/comments?post=8032"}],"version-history":[{"count":1,"href":"https:\/\/ain.hr\/en\/wp-json\/wp\/v2\/posts\/8032\/revisions"}],"predecessor-version":[{"id":8033,"href":"https:\/\/ain.hr\/en\/wp-json\/wp\/v2\/posts\/8032\/revisions\/8033"}],"wp:featuredmedia":[{"embeddable":true,"href":"https:\/\/ain.hr\/en\/wp-json\/wp\/v2\/media\/8030"}],"wp:attachment":[{"href":"https:\/\/ain.hr\/en\/wp-json\/wp\/v2\/media?parent=8032"}],"wp:term":[{"taxonomy":"category","embeddable":true,"href":"https:\/\/ain.hr\/en\/wp-json\/wp\/v2\/categories?post=8032"},{"taxonomy":"post_tag","embeddable":true,"href":"https:\/\/ain.hr\/en\/wp-json\/wp\/v2\/tags?post=8032"}],"curies":[{"name":"wp","href":"https:\/\/api.w.org\/{rel}","templated":true}]}}