{"id":8040,"date":"2026-02-27T17:14:37","date_gmt":"2026-02-27T17:14:37","guid":{"rendered":"https:\/\/ain.hr\/?p=8040"},"modified":"2026-03-02T09:25:29","modified_gmt":"2026-03-02T09:25:29","slug":"sudjelovanje-na-svecanom-obiljezavanju-medunarodnog-dana-civilne-zastite-i-dana-civilne-zastite-republike-hrvatske-27-veljace-2026","status":"publish","type":"post","link":"https:\/\/ain.hr\/en\/sudjelovanje-na-svecanom-obiljezavanju-medunarodnog-dana-civilne-zastite-i-dana-civilne-zastite-republike-hrvatske-27-veljace-2026\/","title":{"rendered":"Sudjelovanje na sve\u010danom obilje\u017eavanju Me\u0111unarodnog dana civilne za\u0161tite i Dana civilne za\u0161tite Republike Hrvatske, 27. velja\u010de 2026."},"content":{"rendered":"<p>[et_pb_section fb_built=&#8221;1&#8243; _builder_version=&#8221;4.16&#8243; global_colors_info=&#8221;{}&#8221;][et_pb_row _builder_version=&#8221;4.16&#8243; background_size=&#8221;initial&#8221; background_position=&#8221;top_left&#8221; background_repeat=&#8221;repeat&#8221; global_colors_info=&#8221;{}&#8221;][et_pb_column type=&#8221;4_4&#8243; _builder_version=&#8221;4.16&#8243; custom_padding=&#8221;|||&#8221; global_colors_info=&#8221;{}&#8221; custom_padding__hover=&#8221;|||&#8221;][et_pb_text _builder_version=&#8221;4.16&#8243; background_size=&#8221;initial&#8221; background_position=&#8221;top_left&#8221; background_repeat=&#8221;repeat&#8221; global_colors_info=&#8221;{}&#8221;]Dana 27. velja\u010de 2026. sudjelovali smo na sve\u010danom obilje\u017eavanju Me\u0111unarodnog dana civilne za\u0161tite i Dana civilne za\u0161tite Republike Hrvatske u Muzi\u010dkoj akademiji u Zagrebu. Sustav civilne za\u0161tite je iznimno va\u017ean za sigurnost gra\u0111ana u Hrvatskoj jer oni doista djeluju onda kad je najte\u017ee, u krizama poput po\u017eara i potresa, sudjeluju u spasila\u010dkim operacijama i spremaju nas za nepredvidivo.<br \/>\nAgencija za istra\u017eivanje nesre\u0107a u zra\u010dnom, pomorskom i \u017eeljezni\u010dkom prometu (AIN) puno i uspje\u0161no sura\u0111uje s civilnom za\u0161titom \u2013 zajedno provodimo vje\u017ebe i djelujemo na terenu. Od srca \u010destitam civilnoj za\u0161titi njihov dan i zahvaljujem na svom doprinosu sigurnosti koji zajedno posti\u017eemo svaki dan.<br \/>\n[\/et_pb_text][\/et_pb_column][\/et_pb_row][et_pb_row _builder_version=&#8221;4.27.5&#8243; _module_preset=&#8221;default&#8221; column_structure=&#8221;1_2,1_2&#8243;][et_pb_column _builder_version=&#8221;4.27.5&#8243; _module_preset=&#8221;default&#8221; type=&#8221;1_2&#8243;][et_pb_image _builder_version=&#8221;4.27.5&#8243; _module_preset=&#8221;default&#8221; alt=&#8221;Medunarodni_dan_civilne_zastite_27022026_01&#8243; title_text=&#8221;Medunarodni_dan_civilne_zastite_27022026_01&#8243; src=&#8221;https:\/\/ain.hr\/wp-content\/uploads\/2026\/03\/Medunarodni_dan_civilne_zastite_27022026_01-1024&#215;576.jpeg&#8221; show_in_lightbox=&#8221;on&#8221; hover_enabled=&#8221;0&#8243; sticky_enabled=&#8221;0&#8243;][\/et_pb_image][\/et_pb_column][et_pb_column _builder_version=&#8221;4.27.5&#8243; _module_preset=&#8221;default&#8221; type=&#8221;1_2&#8243;][et_pb_image _builder_version=&#8221;4.27.5&#8243; _module_preset=&#8221;default&#8221; alt=&#8221;Medunarodni_dan_civilne_zastite_27022026_02&#8243; title_text=&#8221;Medunarodni_dan_civilne_zastite_27022026_02&#8243; src=&#8221;https:\/\/ain.hr\/wp-content\/uploads\/2026\/03\/Medunarodni_dan_civilne_zastite_27022026_02-1024&#215;576.jpeg&#8221; show_in_lightbox=&#8221;on&#8221; hover_enabled=&#8221;0&#8243; sticky_enabled=&#8221;0&#8243;][\/et_pb_image][\/et_pb_column][\/et_pb_row][\/et_pb_section]<\/p>\n","protected":false},"excerpt":{"rendered":"<p>Dana 27. velja\u010de 2026. sudjelovali smo na sve\u010danom obilje\u017eavanju Me\u0111unarodnog dana civilne za\u0161tite i Dana civilne za\u0161tite Republike Hrvatske u Muzi\u010dkoj akademiji u Zagrebu. Sustav civilne za\u0161tite je iznimno va\u017ean za sigurnost gra\u0111ana u Hrvatskoj jer oni doista djeluju onda kad je najte\u017ee, u krizama poput po\u017eara i potresa, sudjeluju u spasila\u010dkim operacijama i spremaju [&hellip;]<\/p>\n","protected":false},"author":2,"featured_media":8034,"comment_status":"open","ping_status":"open","sticky":false,"template":"","format":"standard","meta":{"_et_pb_use_builder":"on","_et_pb_old_content":"<p>Dana 27. velja\u010de 2026. sudjelovali smo na sve\u010danom obilje\u017eavanju Me\u0111unarodnog dana civilne za\u0161tite i Dana civilne za\u0161tite Republike Hrvatske u Muzi\u010dkoj akademiji u Zagrebu. Sustav civilne za\u0161tite je iznimno va\u017ean za sigurnost gra\u0111ana u Hrvatskoj jer oni doista djeluju onda kad je najte\u017ee, u krizama poput po\u017eara i potresa, sudjeluju u spasila\u010dkim operacijama i spremaju nas za nepredvidivo.<br \/>Agencija za istra\u017eivanje nesre\u0107a u zra\u010dnom, pomorskom i \u017eeljezni\u010dkom prometu (AIN) puno i uspje\u0161no sura\u0111uje s civilnom za\u0161titom \u2013 zajedno provodimo vje\u017ebe i djelujemo na terenu. Od srca \u010destitam civilnoj za\u0161titi njihov dan i zahvaljujem na svom doprinosu sigurnosti koji zajedno posti\u017eemo svaki dan.<\/p>","_et_gb_content_width":"","footnotes":""},"categories":[2],"tags":[],"class_list":["post-8040","post","type-post","status-publish","format-standard","has-post-thumbnail","hentry","category-novosti"],"_links":{"self":[{"href":"https:\/\/ain.hr\/en\/wp-json\/wp\/v2\/posts\/8040","targetHints":{"allow":["GET"]}}],"collection":[{"href":"https:\/\/ain.hr\/en\/wp-json\/wp\/v2\/posts"}],"about":[{"href":"https:\/\/ain.hr\/en\/wp-json\/wp\/v2\/types\/post"}],"author":[{"embeddable":true,"href":"https:\/\/ain.hr\/en\/wp-json\/wp\/v2\/users\/2"}],"replies":[{"embeddable":true,"href":"https:\/\/ain.hr\/en\/wp-json\/wp\/v2\/comments?post=8040"}],"version-history":[{"count":2,"href":"https:\/\/ain.hr\/en\/wp-json\/wp\/v2\/posts\/8040\/revisions"}],"predecessor-version":[{"id":8043,"href":"https:\/\/ain.hr\/en\/wp-json\/wp\/v2\/posts\/8040\/revisions\/8043"}],"wp:featuredmedia":[{"embeddable":true,"href":"https:\/\/ain.hr\/en\/wp-json\/wp\/v2\/media\/8034"}],"wp:attachment":[{"href":"https:\/\/ain.hr\/en\/wp-json\/wp\/v2\/media?parent=8040"}],"wp:term":[{"taxonomy":"category","embeddable":true,"href":"https:\/\/ain.hr\/en\/wp-json\/wp\/v2\/categories?post=8040"},{"taxonomy":"post_tag","embeddable":true,"href":"https:\/\/ain.hr\/en\/wp-json\/wp\/v2\/tags?post=8040"}],"curies":[{"name":"wp","href":"https:\/\/api.w.org\/{rel}","templated":true}]}}