{"id":8161,"date":"2026-03-25T16:36:42","date_gmt":"2026-03-25T16:36:42","guid":{"rendered":"https:\/\/ain.hr\/?p=8161"},"modified":"2026-03-27T11:00:08","modified_gmt":"2026-03-27T11:00:08","slug":"sudjelovanje-na-obiljezavanju-50-godina-zrakoplovno-tehnicke-skole-rudolfa-peresina-velika-gorica-25-ozujka-2026","status":"publish","type":"post","link":"https:\/\/ain.hr\/en\/sudjelovanje-na-obiljezavanju-50-godina-zrakoplovno-tehnicke-skole-rudolfa-peresina-velika-gorica-25-ozujka-2026\/","title":{"rendered":"Sudjelovanje na obilje\u017eavanju 50. godina Zrakoplovno tehni\u010dke \u0161kole Rudolfa Pere\u0161ina, Velika Gorica, 25. o\u017eujka 2026."},"content":{"rendered":"<p>Danas smo posjetili hrvatski grad zrakoplovstva \u2013 Veliku Goricu gdje djeluje jedina hrvatska \u0161kola koja obrazuje u\u010denike za razli\u010dita zanimanja u zrakoplovstvu. Sigurno poga\u0111ate, rije\u010d je o Zrakoplovnoj tehni\u010dkoj \u0161koli Rudolfa Pere\u0161ina koja je danas proslavila zna\u010dajan jubilej \u2013 velikih 50 godina svog rada. Tim povodom odr\u017eana je i Sve\u010dana akademija u Pu\u010dkom otvorenom u\u010dili\u0161tu Velike Gorice, kojoj smo s ponosom nazo\u010dili.<br \/>\nU ovoj se \u0161koli obrazuju mladi u podru\u010dju zrakoplovne tehnike, odnosno sustava odr\u017eavanja zrakoplova, logistike kao podru\u010dja zrakoplovne struke te u zanimanjima vezanim uz rad u zra\u010dnim lukama.<br \/>\nOno \u0161to nas je, kao stru\u010dnjake koji brinu za sigurnost zra\u010dnog prometa, posebno veselilo \u010duti je da postoji sve vi\u0161e mladih zaljubljenika u zrakoplovstvo koji se \u017eele obrazovati upravo u Zrakoplovnoj tehni\u010dkoj \u0161koli Rudolfa Pere\u0161ina.<br \/>\nNa krilima tog interesa \u017eelimo Zrakoplovnoj tehni\u010dkoj \u0161koli Rudolfa Pere\u0161ina jo\u0161 puno uspje\u0161nih godina i okruglih obljetnica!<\/p>\n","protected":false},"excerpt":{"rendered":"<p>Danas smo posjetili hrvatski grad zrakoplovstva \u2013 Veliku Goricu gdje djeluje jedina hrvatska \u0161kola koja obrazuje u\u010denike za razli\u010dita zanimanja u zrakoplovstvu. Sigurno poga\u0111ate, rije\u010d je o Zrakoplovnoj tehni\u010dkoj \u0161koli Rudolfa Pere\u0161ina koja je danas proslavila zna\u010dajan jubilej \u2013 velikih 50 godina svog rada. Tim povodom odr\u017eana je i Sve\u010dana akademija u Pu\u010dkom otvorenom u\u010dili\u0161tu [&hellip;]<\/p>\n","protected":false},"author":2,"featured_media":8162,"comment_status":"open","ping_status":"open","sticky":false,"template":"","format":"standard","meta":{"_et_pb_use_builder":"","_et_pb_old_content":"","_et_gb_content_width":"","footnotes":""},"categories":[2],"tags":[],"class_list":["post-8161","post","type-post","status-publish","format-standard","has-post-thumbnail","hentry","category-novosti"],"_links":{"self":[{"href":"https:\/\/ain.hr\/en\/wp-json\/wp\/v2\/posts\/8161","targetHints":{"allow":["GET"]}}],"collection":[{"href":"https:\/\/ain.hr\/en\/wp-json\/wp\/v2\/posts"}],"about":[{"href":"https:\/\/ain.hr\/en\/wp-json\/wp\/v2\/types\/post"}],"author":[{"embeddable":true,"href":"https:\/\/ain.hr\/en\/wp-json\/wp\/v2\/users\/2"}],"replies":[{"embeddable":true,"href":"https:\/\/ain.hr\/en\/wp-json\/wp\/v2\/comments?post=8161"}],"version-history":[{"count":2,"href":"https:\/\/ain.hr\/en\/wp-json\/wp\/v2\/posts\/8161\/revisions"}],"predecessor-version":[{"id":8169,"href":"https:\/\/ain.hr\/en\/wp-json\/wp\/v2\/posts\/8161\/revisions\/8169"}],"wp:featuredmedia":[{"embeddable":true,"href":"https:\/\/ain.hr\/en\/wp-json\/wp\/v2\/media\/8162"}],"wp:attachment":[{"href":"https:\/\/ain.hr\/en\/wp-json\/wp\/v2\/media?parent=8161"}],"wp:term":[{"taxonomy":"category","embeddable":true,"href":"https:\/\/ain.hr\/en\/wp-json\/wp\/v2\/categories?post=8161"},{"taxonomy":"post_tag","embeddable":true,"href":"https:\/\/ain.hr\/en\/wp-json\/wp\/v2\/tags?post=8161"}],"curies":[{"name":"wp","href":"https:\/\/api.w.org\/{rel}","templated":true}]}}